{"id":551,"date":"2020-11-01T14:33:39","date_gmt":"2020-11-01T14:33:39","guid":{"rendered":"http:\/\/arslibera.com\/galleria\/?p=551"},"modified":"2020-11-01T14:33:39","modified_gmt":"2020-11-01T14:33:39","slug":"sebastian-reis-hinterland-6-29-11-2020","status":"publish","type":"post","link":"https:\/\/arslibera.com\/galleria\/2020\/11\/01\/sebastian-reis-hinterland-6-29-11-2020\/","title":{"rendered":"Sebastian Reis:\u00a0Hinterland | 6.\u201329.11.2020"},"content":{"rendered":"<p class=\"p1\"><span class=\"s1\"><strong>Sebastian Reis:\u00a0<\/strong><i><strong>Hinterland<\/strong><br \/>\n<\/i><\/span><span class=\"s1\">6.\u201329.11.2020 | Galleria Ars Libera, Maaherrankatu 3, Kuopio<\/span><\/p>\n<p class=\"p1\"><span class=\"s1\">[English below]<\/span><\/p>\n<p class=\"p1\"><span class=\"s1\"><strong>Avajaiset torstaina 5.11. klo 18\u201320. Tervetuloa, v\u00e4lkommen!<\/strong><br \/>\n<\/span><span class=\"s1\">* Noudatamme koronaohjeistuksia. Toivottavasti sin\u00e4kin. Pysyth\u00e4n kotona mik\u00e4li sinulla on flunssan oireita.)<\/span><\/p>\n<p class=\"p1\"><span class=\"s1\">Saksankielinen termi\u00a0<i>Hinterland<\/i>\u00a0on yleinen politiikassa ja ihmisten maantiedett\u00e4 tutkittaessa, jossa se kuvaa mit\u00e4 tahansa syrj\u00e4ist\u00e4 ihmisten asuttamaa aluetta. Sana voidaan suomentaa\u00a0<i>syrj\u00e4seuduksi<\/i>; kirjaimellisesti se tarkoittaa saksaksi &#8221;takamaata&#8221;, viitaten ep\u00e4m\u00e4\u00e4r\u00e4isyyteen ja jollain tapaa v\u00e4h\u00e4arvoiseen vy\u00f6hykkeeseen.\u00a0<i>Hinterland<\/i>-n\u00e4yttely ammentaa uteliaisuudesta koskien v\u00e4hemm\u00e4lle huomiolle\u00a0j\u00e4\u00e4vi\u00e4 muuttuvia ymp\u00e4rist\u00f6j\u00e4, sek\u00e4 niiden roolia omassa olevaisuudessamme.\u00a0<i>Hinterlandissa<\/i>\u00a0fakta ja fiktio sumentuvat yhteen\u00a0uudelleenm\u00e4\u00e4ritellen (kulttuurillisia) narratiiveja, k\u00e4sitellen niiden luontaista j\u00e4rjett\u00f6myytt\u00e4.<\/span><\/p>\n<p class=\"p1\"><span class=\"s1\"><strong>Sebastian Reis<\/strong> (s. 1985, It\u00e4valta) on Helsingiss\u00e4 asuva ja ty\u00f6skentelev\u00e4 kuvataiteilija, jonka tekniikoihin kuuluvat maalaus, valokuvaus ja veistokselliset elementit. H\u00e4nen ty\u00f6ns\u00e4 ponnistaa monista subjektiivisista kokemuksista kulttuuri- ja taidehistoriallisten\u00a0tapahtumien parissa. Reis valmistui kuvataiteen maisteriksi (KuM) Taideyliopiston Kuvataideakatemiasta ja on opiskellut Leipzigin kuvataideakatemiassa Saksassa. H\u00e4nen t\u00f6it\u00e4\u00e4n on n\u00e4ytetty viime aikoina\u00a0mm. Suomen valokuvataiteen museossa, Portugalissa Galeria Padassa, Fredriksborgin linnassa osana Tanskan kansallismuseota, Ljungbergmuseet-museossa Ruotsissa sek\u00e4 helsinkil\u00e4isess\u00e4 Third Space -taidegalleriassa.<\/span><\/p>\n<p class=\"p1\"><span class=\"s1\">N\u00e4yttely\u00e4 tukee Ala-It\u00e4vallan osavaltio.\u00a0<\/span><\/p>\n<p class=\"p1\"><span class=\"s1\">\/\/<\/span><\/p>\n<p class=\"p1\"><span class=\"s1\"><strong>Sebastian Reis:\u00a0<\/strong><i><strong>Hinterland<\/strong><br \/>\n<\/i><\/span><span class=\"s1\">6.\u201329.11.2020 | Galleria Ars Libera, Maaherrankatu 3, Kuopio<\/span><\/p>\n<p class=\"p1\"><span class=\"s1\"><strong>Opening on Thursday 5.11. at 18\u201320. Welcome, willkommen!<\/strong><br \/>\n<\/span><span class=\"s1\">* We follow the coronavirus precautions and hope you do too. Please stay home if you have symptoms of the flu.)<\/span><\/p>\n<p class=\"p1\"><span class=\"s1\">The german term\u00a0<i>Hinterland<\/i>\u00a0is widely used in politics and Human geography, where it describes any remote area under the influence of human settlement. Literally the term means nothing more than \u201cland behind\u201d, connotes vagueness and a zone of little importance. The exhibition Hinterland emerges from an experience of curiosity concerning our less observed and changing surroundings and the actual role they play for our being. In Hinterland fact and fiction blend together, redefine (cultural) narratives, and discuss their inherent absurdity.<\/span><\/p>\n<p class=\"p1\"><span class=\"s1\"><strong>Sebastian Reis<\/strong> (b. 1985, Austria) is a visual artist living and working in Helsinki, who mainly works with painting, photography, and sculptural elements. His work emerges from a conglomeration of subjective experiences with culture-historical and art-historical occurrences. Reis received an MFA from the Academy of Fine Arts, Helsinki and studied at the Academy of Fine Arts Leipzig, Germany. His works have been\u00a0recently\u00a0shown among others at The Finnish Museum of Photography (FIN), Galeria Pada (PT), The Museum of National History\/Frederiksborg Castle (DK), Ljungbergmuseet (SWE), Third Space (FIN).<\/span><\/p>\n<p class=\"p1\"><span class=\"s1\">The exhibition is supported by the Federal Government of Lower Austria.<\/p>\n<p>&#8211; &#8211; &#8211;<br \/>\n<\/span><\/p>\n<p><span class=\"s1\">Kuva \/ image: Sebastian Reis: Paradies\u00a0(nach Lucas Cranach d. \u00c4.)<br \/>\n<\/span>(Paradise (after Lucas Cranach the\u00a0Elder))<br \/>\n<span class=\"s1\">Paper, toner, acrylic paint, acrylic medium, gesso,\u00a0colour pencil, graphite, tape, glue, cotton duck. 81,5 cm x 112 cm.\u00a02019.<\/span><\/p>\n<p class=\"p5\"><span class=\"s1\">&#8211; &#8211; &#8211;<\/span><\/p>\n<p class=\"p6\"><span class=\"s1\"><b>Lis\u00e4tietoja \/ More info:<br \/>\n<\/b><\/span><span class=\"s1\">Sebastian Reis: sebastianreis.com<br \/>\n<\/span><span class=\"s1\">Galleria Ars Libera<\/span><span class=\"s2\">: arslibera.com\/galleria<\/span><\/p>\n<p class=\"p6\"><span class=\"s1\">&#8211; &#8211; &#8211;<\/p>\n<p><\/span><\/p>\n","protected":false},"excerpt":{"rendered":"<p>Sebastian Reis:\u00a0Hinterland 6.\u201329.11.2020 | Galleria Ars Libera, Maaherrankatu 3, Kuopio [English below] Avajaiset torstaina 5.11. klo 18\u201320. Tervetuloa, v\u00e4lkommen! * Noudatamme koronaohjeistuksia. Toivottavasti sin\u00e4kin. Pysyth\u00e4n kotona mik\u00e4li sinulla on flunssan oireita.) Saksankielinen termi\u00a0Hinterland\u00a0on yleinen politiikassa ja ihmisten maantiedett\u00e4 tutkittaessa, jossa se kuvaa mit\u00e4 tahansa syrj\u00e4ist\u00e4 ihmisten asuttamaa aluetta. Sana voidaan suomentaa\u00a0syrj\u00e4seuduksi; kirjaimellisesti se tarkoittaa saksaksi &hellip; <a href=\"https:\/\/arslibera.com\/galleria\/2020\/11\/01\/sebastian-reis-hinterland-6-29-11-2020\/\" class=\"more-link\">Jatka lukemista<span class=\"screen-reader-text\"> &#8221;Sebastian Reis:\u00a0Hinterland | 6.\u201329.11.2020&#8221;<\/span><\/a><\/p>\n","protected":false},"author":2,"featured_media":552,"comment_status":"closed","ping_status":"closed","sticky":false,"template":"","format":"standard","meta":[],"categories":[1],"tags":[],"_links":{"self":[{"href":"https:\/\/arslibera.com\/galleria\/wp-json\/wp\/v2\/posts\/551"}],"collection":[{"href":"https:\/\/arslibera.com\/galleria\/wp-json\/wp\/v2\/posts"}],"about":[{"href":"https:\/\/arslibera.com\/galleria\/wp-json\/wp\/v2\/types\/post"}],"author":[{"embeddable":true,"href":"https:\/\/arslibera.com\/galleria\/wp-json\/wp\/v2\/users\/2"}],"replies":[{"embeddable":true,"href":"https:\/\/arslibera.com\/galleria\/wp-json\/wp\/v2\/comments?post=551"}],"version-history":[{"count":1,"href":"https:\/\/arslibera.com\/galleria\/wp-json\/wp\/v2\/posts\/551\/revisions"}],"predecessor-version":[{"id":553,"href":"https:\/\/arslibera.com\/galleria\/wp-json\/wp\/v2\/posts\/551\/revisions\/553"}],"wp:featuredmedia":[{"embeddable":true,"href":"https:\/\/arslibera.com\/galleria\/wp-json\/wp\/v2\/media\/552"}],"wp:attachment":[{"href":"https:\/\/arslibera.com\/galleria\/wp-json\/wp\/v2\/media?parent=551"}],"wp:term":[{"taxonomy":"category","embeddable":true,"href":"https:\/\/arslibera.com\/galleria\/wp-json\/wp\/v2\/categories?post=551"},{"taxonomy":"post_tag","embeddable":true,"href":"https:\/\/arslibera.com\/galleria\/wp-json\/wp\/v2\/tags?post=551"}],"curies":[{"name":"wp","href":"https:\/\/api.w.org\/{rel}","templated":true}]}}