{"id":254,"date":"2018-10-14T15:46:10","date_gmt":"2018-10-14T15:46:10","guid":{"rendered":"http:\/\/arslibera.com\/galleria\/?p=254"},"modified":"2018-10-14T15:46:10","modified_gmt":"2018-10-14T15:46:10","slug":"18-10-28-10-2018-tyoryhma-leikkiva-koti-ei-sammaloidu-peltilehmia-ja-voimahevosia","status":"publish","type":"post","link":"https:\/\/arslibera.com\/galleria\/2018\/10\/14\/18-10-28-10-2018-tyoryhma-leikkiva-koti-ei-sammaloidu-peltilehmia-ja-voimahevosia\/","title":{"rendered":"18.10.-28.10.2018 Ty\u00f6ryhm\u00e4 Leikkiv\u00e4 koti ei sammaloidu: Peltilehmi\u00e4 ja voimahevosia"},"content":{"rendered":"<p>Ty\u00f6ryhm\u00e4: Leikkiv\u00e4 koti ei sammaloidu<br \/>\n(Perhe: Reijo K\u00e4rkk\u00e4inen, Riikka Viinikanoja, Arttu Viinikanoja, Varpu Viinikanoja)<\/p>\n<p>PELTILEHMI\u00c4 JA VOIMAHEVOSIA<\/p>\n<p>Ty\u00f6ryhm\u00e4 teki nime\u00e4\u00e4n kantavan teoksen Katajainen kansa purkutaloprojektin yhteydess\u00e4 M\u00e4ntyharjulla kes\u00e4ll\u00e4 2017. Nyt ryhm\u00e4n kanssa ty\u00f6stet\u00e4\u00e4n n\u00e4yttely\u00e4 galleriatilaan.<\/p>\n<p>Teemaksi on valikoitunut ryhm\u00e4n j\u00e4seni\u00e4 kiinnostavat aiheet, mitk\u00e4 v\u00e4rittyv\u00e4t perheen ajankohtaisilla teemoilla. Lueteltuna: Autot, pelit, hevoset, koti, koulu, muutto, ruuhka. Teemoja ty\u00f6stet\u00e4\u00e4n hy\u00f6dynt\u00e4m\u00e4ll\u00e4 vanhoja leluja, sek\u00e4 taideteoksia. Uutta materiaalia tehd\u00e4\u00e4n piirt\u00e4en, maalaten, taitellen ja rakentaen. Jotta saavutetaan leikin tunnelma, n\u00e4yttely ty\u00f6stet\u00e4\u00e4n intensiivisesti.<\/p>\n<p>Lis\u00e4tietoa:<\/p>\n<p>Reijo K\u00e4rkk\u00e4inen<br \/>\n0405846413<br \/>\nreijorama@gmail.com<br \/>\n<a href=\"http:\/\/www.kuvataiteilijamatrikkeli.fi\/fi\/taiteilijat\/2370\">http:\/\/www.kuvataiteilijamatrikkeli.fi\/fi\/taiteilijat\/2370<\/a><br \/>\n<a href=\"http:\/\/www.arslibera.com\/taiteilija\/karkkainen-reijo\">http:\/\/www.arslibera.com\/taiteilija\/karkkainen-reijo<\/a><\/p>\n","protected":false},"excerpt":{"rendered":"<p>Ty\u00f6ryhm\u00e4: Leikkiv\u00e4 koti ei sammaloidu (Perhe: Reijo K\u00e4rkk\u00e4inen, Riikka Viinikanoja, Arttu Viinikanoja, Varpu Viinikanoja) PELTILEHMI\u00c4 JA VOIMAHEVOSIA Ty\u00f6ryhm\u00e4 teki nime\u00e4\u00e4n kantavan teoksen Katajainen kansa purkutaloprojektin yhteydess\u00e4 M\u00e4ntyharjulla kes\u00e4ll\u00e4 2017. Nyt ryhm\u00e4n kanssa ty\u00f6stet\u00e4\u00e4n n\u00e4yttely\u00e4 galleriatilaan. Teemaksi on valikoitunut ryhm\u00e4n j\u00e4seni\u00e4 kiinnostavat aiheet, mitk\u00e4 v\u00e4rittyv\u00e4t perheen ajankohtaisilla teemoilla. Lueteltuna: Autot, pelit, hevoset, koti, koulu, muutto, ruuhka. &hellip; <a href=\"https:\/\/arslibera.com\/galleria\/2018\/10\/14\/18-10-28-10-2018-tyoryhma-leikkiva-koti-ei-sammaloidu-peltilehmia-ja-voimahevosia\/\" class=\"more-link\">Jatka lukemista<span class=\"screen-reader-text\"> &#8221;18.10.-28.10.2018 Ty\u00f6ryhm\u00e4 Leikkiv\u00e4 koti ei sammaloidu: Peltilehmi\u00e4 ja voimahevosia&#8221;<\/span><\/a><\/p>\n","protected":false},"author":2,"featured_media":255,"comment_status":"closed","ping_status":"closed","sticky":false,"template":"","format":"standard","meta":[],"categories":[1],"tags":[],"_links":{"self":[{"href":"https:\/\/arslibera.com\/galleria\/wp-json\/wp\/v2\/posts\/254"}],"collection":[{"href":"https:\/\/arslibera.com\/galleria\/wp-json\/wp\/v2\/posts"}],"about":[{"href":"https:\/\/arslibera.com\/galleria\/wp-json\/wp\/v2\/types\/post"}],"author":[{"embeddable":true,"href":"https:\/\/arslibera.com\/galleria\/wp-json\/wp\/v2\/users\/2"}],"replies":[{"embeddable":true,"href":"https:\/\/arslibera.com\/galleria\/wp-json\/wp\/v2\/comments?post=254"}],"version-history":[{"count":1,"href":"https:\/\/arslibera.com\/galleria\/wp-json\/wp\/v2\/posts\/254\/revisions"}],"predecessor-version":[{"id":256,"href":"https:\/\/arslibera.com\/galleria\/wp-json\/wp\/v2\/posts\/254\/revisions\/256"}],"wp:featuredmedia":[{"embeddable":true,"href":"https:\/\/arslibera.com\/galleria\/wp-json\/wp\/v2\/media\/255"}],"wp:attachment":[{"href":"https:\/\/arslibera.com\/galleria\/wp-json\/wp\/v2\/media?parent=254"}],"wp:term":[{"taxonomy":"category","embeddable":true,"href":"https:\/\/arslibera.com\/galleria\/wp-json\/wp\/v2\/categories?post=254"},{"taxonomy":"post_tag","embeddable":true,"href":"https:\/\/arslibera.com\/galleria\/wp-json\/wp\/v2\/tags?post=254"}],"curies":[{"name":"wp","href":"https:\/\/api.w.org\/{rel}","templated":true}]}}