{"id":139,"date":"2018-04-09T14:26:39","date_gmt":"2018-04-09T14:26:39","guid":{"rendered":"http:\/\/arslibera.com\/galleria\/?p=139"},"modified":"2018-04-09T14:26:57","modified_gmt":"2018-04-09T14:26:57","slug":"12-22-4-2018-antti-ronka-maalauksia","status":"publish","type":"post","link":"https:\/\/arslibera.com\/galleria\/2018\/04\/09\/12-22-4-2018-antti-ronka-maalauksia\/","title":{"rendered":"12.-22.4.2018 Antti R\u00f6nk\u00e4: Maalauksia"},"content":{"rendered":"<p>Antti R\u00f6nk\u00e4: Maalauksia, Galleria Ars Liberassa 12.4.-22.4.2018<\/p>\n<p>Galleria Ars Liberaan esille tulevien maalausten aiheina ovat k\u00e4sitteelliset sanat ja pelkistetyt abstraktiot. N\u00e4yttelytilassa siniset sanamaalaukset saavat rinnalleen abstraktioissa toistuvan liikkeen.<\/p>\n<p>Antti R\u00f6nk\u00e4 (s.1973) on valmistunut Imatran taideoppilaitoksesta kuvataiteilijaksi 1998. H\u00e4n asuu ja ty\u00f6skentelee Kuopiossa. R\u00f6nk\u00e4 on pit\u00e4nyt aktiivisesti n\u00e4yttelyit\u00e4 kotimaassa ja ollut mukana mm. M\u00e4nt\u00e4n kuvataideviikoilla ja Nuorten n\u00e4yttelyss\u00e4. R\u00f6nk\u00e4 on Taidemaalariliiton ja Kuopion kuvataiteilijat Ars Liberan j\u00e4sen.<\/p>\n<p>Lis\u00e4tietoja:<br \/>\n<span class=\"text_exposed_show\"><br \/>\nAntti R\u00f6nk\u00e4<br \/>\nantti.ronka@gmail.com<\/span><\/p>\n<p><a href=\"http:\/\/arslibera.com\/galleria\" target=\"_blank\" rel=\"nofollow noopener\">arslibera.com\/galleria<\/a><br \/>\narslibera60@gmail.com<\/p>\n","protected":false},"excerpt":{"rendered":"<p>Antti R\u00f6nk\u00e4: Maalauksia, Galleria Ars Liberassa 12.4.-22.4.2018 Galleria Ars Liberaan esille tulevien maalausten aiheina ovat k\u00e4sitteelliset sanat ja pelkistetyt abstraktiot. N\u00e4yttelytilassa siniset sanamaalaukset saavat rinnalleen abstraktioissa toistuvan liikkeen. Antti R\u00f6nk\u00e4 (s.1973) on valmistunut Imatran taideoppilaitoksesta kuvataiteilijaksi 1998. H\u00e4n asuu ja ty\u00f6skentelee Kuopiossa. R\u00f6nk\u00e4 on pit\u00e4nyt aktiivisesti n\u00e4yttelyit\u00e4 kotimaassa ja ollut mukana mm. M\u00e4nt\u00e4n kuvataideviikoilla ja &hellip; <a href=\"https:\/\/arslibera.com\/galleria\/2018\/04\/09\/12-22-4-2018-antti-ronka-maalauksia\/\" class=\"more-link\">Jatka lukemista<span class=\"screen-reader-text\"> &#8221;12.-22.4.2018 Antti R\u00f6nk\u00e4: Maalauksia&#8221;<\/span><\/a><\/p>\n","protected":false},"author":2,"featured_media":140,"comment_status":"closed","ping_status":"closed","sticky":false,"template":"","format":"standard","meta":[],"categories":[1],"tags":[],"_links":{"self":[{"href":"https:\/\/arslibera.com\/galleria\/wp-json\/wp\/v2\/posts\/139"}],"collection":[{"href":"https:\/\/arslibera.com\/galleria\/wp-json\/wp\/v2\/posts"}],"about":[{"href":"https:\/\/arslibera.com\/galleria\/wp-json\/wp\/v2\/types\/post"}],"author":[{"embeddable":true,"href":"https:\/\/arslibera.com\/galleria\/wp-json\/wp\/v2\/users\/2"}],"replies":[{"embeddable":true,"href":"https:\/\/arslibera.com\/galleria\/wp-json\/wp\/v2\/comments?post=139"}],"version-history":[{"count":2,"href":"https:\/\/arslibera.com\/galleria\/wp-json\/wp\/v2\/posts\/139\/revisions"}],"predecessor-version":[{"id":142,"href":"https:\/\/arslibera.com\/galleria\/wp-json\/wp\/v2\/posts\/139\/revisions\/142"}],"wp:featuredmedia":[{"embeddable":true,"href":"https:\/\/arslibera.com\/galleria\/wp-json\/wp\/v2\/media\/140"}],"wp:attachment":[{"href":"https:\/\/arslibera.com\/galleria\/wp-json\/wp\/v2\/media?parent=139"}],"wp:term":[{"taxonomy":"category","embeddable":true,"href":"https:\/\/arslibera.com\/galleria\/wp-json\/wp\/v2\/categories?post=139"},{"taxonomy":"post_tag","embeddable":true,"href":"https:\/\/arslibera.com\/galleria\/wp-json\/wp\/v2\/tags?post=139"}],"curies":[{"name":"wp","href":"https:\/\/api.w.org\/{rel}","templated":true}]}}