{"id":1226,"date":"2024-11-10T15:16:50","date_gmt":"2024-11-10T15:16:50","guid":{"rendered":"http:\/\/arslibera.com\/galleria\/?p=1226"},"modified":"2024-11-10T15:17:10","modified_gmt":"2024-11-10T15:17:10","slug":"sari-hakala-pessoalaiset","status":"publish","type":"post","link":"https:\/\/arslibera.com\/galleria\/2024\/11\/10\/sari-hakala-pessoalaiset\/","title":{"rendered":"Sari Hakala &#8211; Pessoalaiset"},"content":{"rendered":"<h2><a href=\"http:\/\/arslibera.com\/galleria\/wp-content\/uploads\/2024\/11\/pessoavari_iso.jpg\"><img loading=\"lazy\" class=\"aligncenter size-full wp-image-1222\" src=\"http:\/\/arslibera.com\/galleria\/wp-content\/uploads\/2024\/11\/pessoavari_iso.jpg\" alt=\"\" width=\"1440\" height=\"1920\" srcset=\"https:\/\/arslibera.com\/galleria\/wp-content\/uploads\/2024\/11\/pessoavari_iso.jpg 1440w, https:\/\/arslibera.com\/galleria\/wp-content\/uploads\/2024\/11\/pessoavari_iso-225x300.jpg 225w, https:\/\/arslibera.com\/galleria\/wp-content\/uploads\/2024\/11\/pessoavari_iso-768x1024.jpg 768w, https:\/\/arslibera.com\/galleria\/wp-content\/uploads\/2024\/11\/pessoavari_iso-1200x1600.jpg 1200w\" sizes=\"(max-width: 709px) 85vw, (max-width: 909px) 67vw, (max-width: 1362px) 62vw, 840px\" \/><\/a><\/h2>\n<h2 class=\"western\"><span style=\"color: #1a1a1a;\"><span style=\"font-family: Verdana, sans-serif;\"><span style=\"font-size: medium;\">Sari Hakala \u2013\u00a0Pessoalaiset<\/span><\/span><\/span><\/h2>\n<p class=\"western\"><span style=\"color: #1a1a1a;\"><span style=\"font-family: Verdana, sans-serif;\"><span style=\"font-size: medium;\">15.11. \u2013\u00a0<span lang=\"en-US\">8.12.2024\u00a0<\/span><span lang=\"en-US\">|\u00a0<\/span><span lang=\"en-US\">Galleria Ars Libera, Maaherrankatu 9, Kuopio<\/span><\/span><\/span><\/span><\/p>\n<hr \/>\n<p class=\"western\"><span style=\"color: #1a1a1a;\"><span style=\"font-family: Verdana, sans-serif;\"><span style=\"font-size: medium;\">PESSOALAISET<\/span><\/span><\/span><\/p>\n<p class=\"western\"><span style=\"color: #1a1a1a;\"><span style=\"font-family: Verdana, sans-serif;\"><span style=\"font-size: medium;\">Muotokuvasarja sis\u00e4lt\u00e4\u00e4 akryylimaalauksia ja monotypioita todellisista ja heteronyymeist\u00e4 runoilijoista. <\/span><\/span><\/span><span style=\"color: #1a1a1a;\"><span style=\"font-family: Verdana, sans-serif;\"><span style=\"font-size: medium;\">A<\/span><\/span><\/span><span style=\"color: #1a1a1a;\"><span style=\"font-family: Verdana, sans-serif;\"><span style=\"font-size: medium;\">vajaisia vietet\u00e4\u00e4n torstaina 14.11. klo 18-20, tervetuloa. <\/span><\/span><\/span><\/p>\n<p class=\"western\"><span style=\"color: #1a1a1a;\"><span style=\"font-family: Verdana, sans-serif;\"><span style=\"font-size: medium;\">P<\/span><\/span><\/span><span style=\"font-family: Verdana, sans-serif; font-size: medium;\">erjantaina 15.11. klo 15-17\u00a0<\/span><span style=\"font-family: Verdana, sans-serif; font-size: medium;\">Minimonotypia ty\u00f6paja ja taiteilijatapaaminen.<\/span><\/p>\n<p class=\"western\"><span style=\"color: #1a1a1a;\"><span style=\"font-family: Verdana, sans-serif;\"><span style=\"font-size: medium;\"><i>V\u00e4h\u00e4t min\u00e4 v\u00e4lit\u00e4n. V\u00e4h\u00e4t min\u00e4 v\u00e4lit\u00e4n mist\u00e4? En tied\u00e4: v\u00e4h\u00e4t min\u00e4 v\u00e4lit\u00e4n.\u00a0<\/i><\/span><\/span><\/span><\/p>\n<p class=\"western\" lang=\"pt-PT\"><span style=\"color: #1a1a1a;\"><span style=\"font-family: Verdana, sans-serif;\"><span style=\"font-size: medium;\"><i>-24.10.1917 Fernando Pessoa<\/i><\/span><\/span><\/span><\/p>\n<p class=\"western\"><span style=\"color: #1a1a1a;\"><span style=\"font-family: Verdana, sans-serif;\"><span style=\"font-size: medium;\">Yll\u00e4 oleva lause aloitti monip\u00e4isen monotypiasarjani vuonna 2022. Portugalilainen runoilija Fernando Pessoa on sarjan etuoikeutettu is\u00e4. Pessoalla oli ainakin kolme heteronyymia, mutta olen lukenut v\u00e4itteen, ett\u00e4 pseudonyymeja olisi ainakin 70.<\/span><\/span><\/span><\/p>\n<p class=\"western\"><span style=\"color: #1a1a1a;\"><span style=\"font-family: Verdana, sans-serif;\"><span style=\"font-size: medium;\">Teossarjastani l\u00f6ytyy viitteit\u00e4 tunnettuihin runoilijoihin, mutta p\u00e4\u00e4osin he ovat kuvitteellisia olentoja. Sattumanvaraisuus ja aivojeni eriasteiset kytkenn\u00e4t ja s\u00e4ikeiset muistikuvat ovat vastuussa yhtym\u00e4kohdista todellisiin henkil<span lang=\"sv-SE\">\u00f6<\/span>ihin. Alkuvuoteen 2024 menness\u00e4 sarjassa on aineellistunut n. 250 runoilijaa. Sittemmin sarja on kasvanut pienill\u00e4 tussi- ja akryylimaalauksilla, joissa esiintyy mm. kaksinaamaisia runoilijoita ja k\u00e4\u00e4nn\u00f6st\u00f6it\u00e4.<\/span><\/span><\/span><\/p>\n<p class=\"western\"><span style=\"color: #1a1a1a;\"><span style=\"font-family: Verdana, sans-serif;\"><span style=\"font-size: medium;\">Teossarjani voi n\u00e4hd\u00e4 kunnianosoituksena runoilijoille ja kirjailijoille, oikeastaan kaikille, jotka ty\u00f6skentelev\u00e4t taiteen alalla intohimoisesti toimeentulonsa rajamailla. Kaksinaamaisuus ja k\u00e4\u00e4nn\u00f6sty\u00f6t ovat t\u00e4ss\u00e4 kontekstissa positiivisia m\u00e4\u00e4ritelmi\u00e4 ja kuvastavat taiteen monimuotoisuutta ja joustavuutta el\u00e4m\u00e4n edess\u00e4.<\/span><\/span><\/span><\/p>\n<p class=\"western\"><span style=\"font-family: Verdana, sans-serif;\"><span style=\"font-size: medium;\">Avajaisissa esiintyy kaksi itselleni t\u00e4ll\u00e4 hetkell\u00e4 t\u00e4rke\u00e4\u00e4 tekij\u00e4\u00e4, joiden asenne, musiikki ja sanat inspiroivat omaa ty\u00f6t\u00e4ni.<\/span><\/span><\/p>\n<p class=\"western\"><span style=\"font-family: Verdana, sans-serif;\"><span style=\"font-size: medium;\"><b>Suonsilm\u00e4<\/b> (s. Eetu Kinni, 1992 Vantaa) on iisalmelainen runoilija ja piilohelmi, joka on esiintynyt runoineen viidell\u00e4 mantereella 15 vuoden ajan. Kokeellisen runouden ja performanssitaiteen lis\u00e4ksi h\u00e4net tunnetaan kolumneistaan, kirjeist\u00e4\u00e4n sek\u00e4 <span lang=\"en-US\">ty<\/span><span lang=\"sv-SE\">\u00f6<\/span>st\u00e4\u00e4n lasten, nuorten ja kulttuurin hyv\u00e4ksi.<br \/>\n<\/span><\/span><\/p>\n<p class=\"western\"><span style=\"font-family: Verdana, sans-serif;\"><span style=\"font-size: medium;\"><b>Proto-Torvinen<\/b> on Joensuun musiikillinen lahja koko maailmalle ja poikkeuksellisen hypnoottinen ja musta live-esiintyj\u00e4. Uusin sinkku \u201dSadan vuoden p\u00e4\u00e4st\u00e4 <span lang=\"en-US\">se on t<\/span>\u00e4t\u00e4 samaa paskaa\u201d, julkaistiin 1.11. Nelj\u00e4s albumi ilmestyy kev\u00e4\u00e4ll\u00e4 2025. <\/span><\/span><\/p>\n<hr \/>\n<p class=\"western\"><strong><span style=\"color: #000000;\"><span style=\"font-family: Verdana, sans-serif;\"><span style=\"font-size: medium;\"><span lang=\"en-US\">Sari Hakala<\/span><\/span><\/span><\/span><\/strong><span style=\"color: #000000;\"><span style=\"font-family: Verdana, sans-serif;\"><span style=\"font-size: medium;\"><span lang=\"en-US\">\u00a0on Iisalmessa asuva ja ty<\/span><\/span><\/span><\/span><span style=\"color: #000000;\"><span style=\"font-family: Verdana, sans-serif;\"><span style=\"font-size: medium;\"><span lang=\"sv-SE\">\u00f6<\/span><\/span><\/span><\/span><span style=\"color: #000000;\"><span style=\"font-family: Verdana, sans-serif;\"><span style=\"font-size: medium;\"><span lang=\"en-US\">skentelev\u00e4 kuvataiteilija, vapaa kirjoittaja ja kuvataiteen opettaja. H\u00e4nen ty<\/span><\/span><\/span><\/span><span style=\"color: #000000;\"><span style=\"font-family: Verdana, sans-serif;\"><span style=\"font-size: medium;\"><span lang=\"sv-SE\">\u00f6<\/span><\/span><\/span><\/span><span style=\"color: #000000;\"><span style=\"font-family: Verdana, sans-serif;\"><span style=\"font-size: medium;\"><span lang=\"en-US\">skentelyns\u00e4 on kuvataiteen, musiikin, kirjallisuuden, runouden ja taidejournalismin liepeill\u00e4 haahuilua, tarttumista ja irti p\u00e4\u00e4st\u00e4mist\u00e4.<\/span><\/span><\/span><\/span><\/p>\n<p class=\"western\"><span style=\"color: #1a1a1a;\"><span style=\"font-family: Verdana, sans-serif;\"><span style=\"font-size: medium;\">Kiitokset yhteisty\u00f6st\u00e4 Kirjakantille ja Galleria Ars Liberalle.<\/span><\/span><\/span><\/p>\n<hr \/>\n<p class=\"western\"><span style=\"color: #1a1a1a;\"><span style=\"font-family: Verdana, sans-serif;\"><span style=\"font-size: medium;\">kuva: Sari Hakala, Kolmip\u00e4inen Pessoalainen, akryyli paperille, 15 x 21cm, 2022<\/span><\/span><\/span><\/p>\n","protected":false},"excerpt":{"rendered":"<p>Sari Hakala \u2013\u00a0Pessoalaiset 15.11. \u2013\u00a08.12.2024\u00a0|\u00a0Galleria Ars Libera, Maaherrankatu 9, Kuopio PESSOALAISET Muotokuvasarja sis\u00e4lt\u00e4\u00e4 akryylimaalauksia ja monotypioita todellisista ja heteronyymeist\u00e4 runoilijoista. Avajaisia vietet\u00e4\u00e4n torstaina 14.11. klo 18-20, tervetuloa. Perjantaina 15.11. klo 15-17\u00a0Minimonotypia ty\u00f6paja ja taiteilijatapaaminen. V\u00e4h\u00e4t min\u00e4 v\u00e4lit\u00e4n. V\u00e4h\u00e4t min\u00e4 v\u00e4lit\u00e4n mist\u00e4? En tied\u00e4: v\u00e4h\u00e4t min\u00e4 v\u00e4lit\u00e4n.\u00a0 -24.10.1917 Fernando Pessoa Yll\u00e4 oleva lause aloitti monip\u00e4isen monotypiasarjani &hellip; <a href=\"https:\/\/arslibera.com\/galleria\/2024\/11\/10\/sari-hakala-pessoalaiset\/\" class=\"more-link\">Jatka lukemista<span class=\"screen-reader-text\"> &#8221;Sari Hakala &#8211; Pessoalaiset&#8221;<\/span><\/a><\/p>\n","protected":false},"author":2,"featured_media":0,"comment_status":"closed","ping_status":"closed","sticky":false,"template":"","format":"standard","meta":[],"categories":[1],"tags":[],"_links":{"self":[{"href":"https:\/\/arslibera.com\/galleria\/wp-json\/wp\/v2\/posts\/1226"}],"collection":[{"href":"https:\/\/arslibera.com\/galleria\/wp-json\/wp\/v2\/posts"}],"about":[{"href":"https:\/\/arslibera.com\/galleria\/wp-json\/wp\/v2\/types\/post"}],"author":[{"embeddable":true,"href":"https:\/\/arslibera.com\/galleria\/wp-json\/wp\/v2\/users\/2"}],"replies":[{"embeddable":true,"href":"https:\/\/arslibera.com\/galleria\/wp-json\/wp\/v2\/comments?post=1226"}],"version-history":[{"count":12,"href":"https:\/\/arslibera.com\/galleria\/wp-json\/wp\/v2\/posts\/1226\/revisions"}],"predecessor-version":[{"id":1238,"href":"https:\/\/arslibera.com\/galleria\/wp-json\/wp\/v2\/posts\/1226\/revisions\/1238"}],"wp:attachment":[{"href":"https:\/\/arslibera.com\/galleria\/wp-json\/wp\/v2\/media?parent=1226"}],"wp:term":[{"taxonomy":"category","embeddable":true,"href":"https:\/\/arslibera.com\/galleria\/wp-json\/wp\/v2\/categories?post=1226"},{"taxonomy":"post_tag","embeddable":true,"href":"https:\/\/arslibera.com\/galleria\/wp-json\/wp\/v2\/tags?post=1226"}],"curies":[{"name":"wp","href":"https:\/\/api.w.org\/{rel}","templated":true}]}}